{"id":5876,"date":"2025-08-28T09:22:09","date_gmt":"2025-08-28T12:22:09","guid":{"rendered":"https:\/\/paroquiaaparecidanilopolis.com.br\/?p=5876"},"modified":"2025-08-28T11:12:58","modified_gmt":"2025-08-28T14:12:58","slug":"adoracao-ao-santissimo-sacramento","status":"publish","type":"post","link":"https:\/\/paroquiaaparecidanilopolis.com.br\/index.php\/2025\/08\/28\/adoracao-ao-santissimo-sacramento\/","title":{"rendered":"Adora\u00e7\u00e3o ao Sant\u00edssimo Sacramento"},"content":{"rendered":"\n<p>Toda primeira Quinta-feira do m\u00eas \u00e0s 19h30, na Par\u00f3quia Nossa Senhora Aparecida, venha viver um momento profundo de encontro com Jesus Eucar\u00edstico.<br>\u2800Esperamos por voc\u00ea e sua fam\u00edlia!<\/p>\n\n\n\n<p><\/p>\n\n\n\n<figure class=\"wp-block-image alignleft size-large is-resized is-style-rounded\"><img fetchpriority=\"high\" decoding=\"async\" width=\"819\" height=\"1024\" src=\"https:\/\/paroquiaaparecidanilopolis.com.br\/wp-content\/uploads\/2025\/08\/523795595_806027395084564_8591093140521515053_n-Editado-819x1024.jpg\" alt=\"\" class=\"wp-image-5877\" style=\"width:513px;height:auto\" srcset=\"https:\/\/paroquiaaparecidanilopolis.com.br\/wp-content\/uploads\/2025\/08\/523795595_806027395084564_8591093140521515053_n-Editado-819x1024.jpg 819w, https:\/\/paroquiaaparecidanilopolis.com.br\/wp-content\/uploads\/2025\/08\/523795595_806027395084564_8591093140521515053_n-Editado-240x300.jpg 240w, https:\/\/paroquiaaparecidanilopolis.com.br\/wp-content\/uploads\/2025\/08\/523795595_806027395084564_8591093140521515053_n-Editado-768x960.jpg 768w, https:\/\/paroquiaaparecidanilopolis.com.br\/wp-content\/uploads\/2025\/08\/523795595_806027395084564_8591093140521515053_n-Editado-1229x1536.jpg 1229w, https:\/\/paroquiaaparecidanilopolis.com.br\/wp-content\/uploads\/2025\/08\/523795595_806027395084564_8591093140521515053_n-Editado.jpg 1440w\" sizes=\"(max-width: 819px) 100vw, 819px\" \/><\/figure>\n\n\n\n<p>Dia: 4\/09\/2025<\/p>\n","protected":false},"excerpt":{"rendered":"<p>Toda primeira Quinta-feira do m\u00eas \u00e0s 19h30, na Par\u00f3quia Nossa Senhora Aparecida, venha viver um momento profundo de encontro com [&hellip;]<\/p>\n","protected":false},"author":1,"featured_media":5877,"comment_status":"open","ping_status":"open","sticky":false,"template":"","format":"standard","meta":{"site-sidebar-layout":"default","site-content-layout":"","ast-site-content-layout":"default","site-content-style":"default","site-sidebar-style":"default","ast-global-header-display":"","ast-banner-title-visibility":"","ast-main-header-display":"","ast-hfb-above-header-display":"","ast-hfb-below-header-display":"","ast-hfb-mobile-header-display":"","site-post-title":"","ast-breadcrumbs-content":"","ast-featured-img":"","footer-sml-layout":"","ast-disable-related-posts":"","theme-transparent-header-meta":"","adv-header-id-meta":"","stick-header-meta":"","header-above-stick-meta":"","header-main-stick-meta":"","header-below-stick-meta":"","astra-migrate-meta-layouts":"default","ast-page-background-enabled":"default","ast-page-background-meta":{"desktop":{"background-color":"var(--ast-global-color-5)","background-image":"","background-repeat":"repeat","background-position":"center center","background-size":"auto","background-attachment":"scroll","background-type":"","background-media":"","overlay-type":"","overlay-color":"","overlay-opacity":"","overlay-gradient":""},"tablet":{"background-color":"","background-image":"","background-repeat":"repeat","background-position":"center center","background-size":"auto","background-attachment":"scroll","background-type":"","background-media":"","overlay-type":"","overlay-color":"","overlay-opacity":"","overlay-gradient":""},"mobile":{"background-color":"","background-image":"","background-repeat":"repeat","background-position":"center center","background-size":"auto","background-attachment":"scroll","background-type":"","background-media":"","overlay-type":"","overlay-color":"","overlay-opacity":"","overlay-gradient":""}},"ast-content-background-meta":{"desktop":{"background-color":"var(--ast-global-color-4)","background-image":"","background-repeat":"repeat","background-position":"center center","background-size":"auto","background-attachment":"scroll","background-type":"","background-media":"","overlay-type":"","overlay-color":"","overlay-opacity":"","overlay-gradient":""},"tablet":{"background-color":"var(--ast-global-color-4)","background-image":"","background-repeat":"repeat","background-position":"center center","background-size":"auto","background-attachment":"scroll","background-type":"","background-media":"","overlay-type":"","overlay-color":"","overlay-opacity":"","overlay-gradient":""},"mobile":{"background-color":"var(--ast-global-color-4)","background-image":"","background-repeat":"repeat","background-position":"center center","background-size":"auto","background-attachment":"scroll","background-type":"","background-media":"","overlay-type":"","overlay-color":"","overlay-opacity":"","overlay-gradient":""}},"footnotes":""},"categories":[10],"tags":[],"class_list":["post-5876","post","type-post","status-publish","format-standard","has-post-thumbnail","hentry","category-agenda"],"_links":{"self":[{"href":"https:\/\/paroquiaaparecidanilopolis.com.br\/index.php\/wp-json\/wp\/v2\/posts\/5876","targetHints":{"allow":["GET"]}}],"collection":[{"href":"https:\/\/paroquiaaparecidanilopolis.com.br\/index.php\/wp-json\/wp\/v2\/posts"}],"about":[{"href":"https:\/\/paroquiaaparecidanilopolis.com.br\/index.php\/wp-json\/wp\/v2\/types\/post"}],"author":[{"embeddable":true,"href":"https:\/\/paroquiaaparecidanilopolis.com.br\/index.php\/wp-json\/wp\/v2\/users\/1"}],"replies":[{"embeddable":true,"href":"https:\/\/paroquiaaparecidanilopolis.com.br\/index.php\/wp-json\/wp\/v2\/comments?post=5876"}],"version-history":[{"count":10,"href":"https:\/\/paroquiaaparecidanilopolis.com.br\/index.php\/wp-json\/wp\/v2\/posts\/5876\/revisions"}],"predecessor-version":[{"id":5919,"href":"https:\/\/paroquiaaparecidanilopolis.com.br\/index.php\/wp-json\/wp\/v2\/posts\/5876\/revisions\/5919"}],"wp:featuredmedia":[{"embeddable":true,"href":"https:\/\/paroquiaaparecidanilopolis.com.br\/index.php\/wp-json\/wp\/v2\/media\/5877"}],"wp:attachment":[{"href":"https:\/\/paroquiaaparecidanilopolis.com.br\/index.php\/wp-json\/wp\/v2\/media?parent=5876"}],"wp:term":[{"taxonomy":"category","embeddable":true,"href":"https:\/\/paroquiaaparecidanilopolis.com.br\/index.php\/wp-json\/wp\/v2\/categories?post=5876"},{"taxonomy":"post_tag","embeddable":true,"href":"https:\/\/paroquiaaparecidanilopolis.com.br\/index.php\/wp-json\/wp\/v2\/tags?post=5876"}],"curies":[{"name":"wp","href":"https:\/\/api.w.org\/{rel}","templated":true}]}}