{"id":31809,"date":"2026-04-06T15:08:58","date_gmt":"2026-04-06T18:08:58","guid":{"rendered":"https:\/\/paroquiaaparecidanilopolis.com.br\/?p=31809"},"modified":"2026-04-07T10:19:06","modified_gmt":"2026-04-07T13:19:06","slug":"o-caminho-do-amor-uma-semana-santa-de-emocao-e-renovacao-em-nilopolis","status":"publish","type":"post","link":"https:\/\/paroquiaaparecidanilopolis.com.br\/index.php\/2026\/04\/06\/o-caminho-do-amor-uma-semana-santa-de-emocao-e-renovacao-em-nilopolis\/","title":{"rendered":"O Caminho do Amor: Uma Semana Santa de Emo\u00e7\u00e3o e Renova\u00e7\u00e3o em Nil\u00f3polis"},"content":{"rendered":"\n<p><strong>Momentos marcantes onde a f\u00e9 e a uni\u00e3o mostraram que o amor de Cristo vence qualquer barreira<\/strong><\/p>\n\n\n\n<p>A Semana Santa de 2026 ficar\u00e1 gravada na mem\u00f3ria dos fi\u00e9is da <strong>Par\u00f3quia Nossa Senhora Aparecida<\/strong>, em Nil\u00f3polis. Foram dias de intensa ora\u00e7\u00e3o, onde as comunidades de Nossa Senhora de F\u00e1tima, S\u00e3o Jos\u00e9, Santa Filomena, Santo Ant\u00f4nio, Santa Rita e a Matriz Nossa Senhora Aparecida se uniram para celebrar o mist\u00e9rio da Paix\u00e3o, Morte e Ressurrei\u00e7\u00e3o de Cristo, fortalecidas pela presen\u00e7a fraterna e por gestos de profunda devo\u00e7\u00e3o.<\/p>\n\n\n\n<h3 class=\"wp-block-heading\"><strong>O In\u00edcio da Jornada: Reflex\u00e3o e Encontro<\/strong><\/h3>\n\n\n\n<p>No dia 29 de mar\u00e7o, Domingo de Ramos, nossas seis comunidades se coloriram com o verde dos ramos para celebrar a entrada triunfal de Jesus em Jerusal\u00e9m. Mais do que uma tradi\u00e7\u00e3o, foi um momento de entrega: ao aclamarmos o &#8220;Bendito o que vem em nome do Senhor&#8221;, cada paroquiano abriu as portas do pr\u00f3prio cora\u00e7\u00e3o para a semana mais importante do ano crist\u00e3o, reafirmando que Jesus \u00e9 o nosso verdadeiro Rei.<\/p>\n\n\n\n<p>A caminhada espiritual se aprofundou no dia 31 de mar\u00e7o, com a <strong>Medita\u00e7\u00e3o das Sete \u00daltimas Palavras de Jesus na Cruz<\/strong>. Conduzida pelo Frei Felipe Carretta, a noite foi preenchida por ora\u00e7\u00f5es, m\u00fasicas e &#8220;provoca\u00e7\u00f5es santas\u201d que nos levaram a confrontar nossos atos diante do amor infinito de Cristo.<\/p>\n\n\n\n<figure class=\"wp-block-image size-large\"><img fetchpriority=\"high\" decoding=\"async\" width=\"1024\" height=\"749\" src=\"https:\/\/paroquiaaparecidanilopolis.com.br\/wp-content\/uploads\/2026\/04\/WhatsApp-Image-2026-04-06-at-14.18.37-1024x749.jpeg\" alt=\"\" class=\"wp-image-31826\" srcset=\"https:\/\/paroquiaaparecidanilopolis.com.br\/wp-content\/uploads\/2026\/04\/WhatsApp-Image-2026-04-06-at-14.18.37-1024x749.jpeg 1024w, https:\/\/paroquiaaparecidanilopolis.com.br\/wp-content\/uploads\/2026\/04\/WhatsApp-Image-2026-04-06-at-14.18.37-300x220.jpeg 300w, https:\/\/paroquiaaparecidanilopolis.com.br\/wp-content\/uploads\/2026\/04\/WhatsApp-Image-2026-04-06-at-14.18.37-768x562.jpeg 768w, https:\/\/paroquiaaparecidanilopolis.com.br\/wp-content\/uploads\/2026\/04\/WhatsApp-Image-2026-04-06-at-14.18.37.jpeg 1078w\" sizes=\"(max-width: 1024px) 100vw, 1024px\" \/><\/figure>\n\n\n\n<p>No dia seguinte, <strong>01 de abril<\/strong>, a cidade testemunhou a emocionante <strong>Prociss\u00e3o do Encontro<\/strong>. Os homens partiram da <strong>Comunidade Nossa Senhora de F\u00e1tima<\/strong>, guiados pelo vig\u00e1rio <strong>Frei Carlos Guimar\u00e3es<\/strong> e os Freis estudantes <strong>Diogo Henrique e Pedro Vitangui<\/strong>, enquanto as mulheres sa\u00edram da <strong>Comunidade Santa Rita<\/strong> com os Freis: <strong>Paulo Roberto Pereira (Ministro Provincial)<\/strong>, o p\u00e1roco <strong>Frei Jo\u00e3o Reirnert<\/strong> e o vig\u00e1rio <strong>Frei Felipe Carretta<\/strong>.<\/p>\n\n\n\n<p>Nas ruas, o povo externalizou sua f\u00e9 com pequenos altares nas portas das casas simbolizando as esta\u00e7\u00f5es da via sacra. Ao chegar \u00e0 Matriz, uma encena\u00e7\u00e3o inspirada na <strong>Campanha da Fraternidade:<\/strong> \u201cEle veio morar entre n\u00f3s\u201d (Jo 1,14), nos chamou ao acolhimento dos desfavorecidos.<\/p>\n\n\n\n<figure class=\"wp-block-gallery has-nested-images columns-default is-cropped wp-block-gallery-1 is-layout-flex wp-block-gallery-is-layout-flex\">\n<figure class=\"wp-block-image size-large\"><img decoding=\"async\" width=\"1024\" height=\"768\" data-id=\"31810\" src=\"https:\/\/paroquiaaparecidanilopolis.com.br\/wp-content\/uploads\/2026\/04\/IMG_2288-1024x768.jpg\" alt=\"\" class=\"wp-image-31810\" srcset=\"https:\/\/paroquiaaparecidanilopolis.com.br\/wp-content\/uploads\/2026\/04\/IMG_2288-1024x768.jpg 1024w, https:\/\/paroquiaaparecidanilopolis.com.br\/wp-content\/uploads\/2026\/04\/IMG_2288-300x225.jpg 300w, https:\/\/paroquiaaparecidanilopolis.com.br\/wp-content\/uploads\/2026\/04\/IMG_2288-768x576.jpg 768w, https:\/\/paroquiaaparecidanilopolis.com.br\/wp-content\/uploads\/2026\/04\/IMG_2288-1536x1152.jpg 1536w, https:\/\/paroquiaaparecidanilopolis.com.br\/wp-content\/uploads\/2026\/04\/IMG_2288-2048x1536.jpg 2048w\" sizes=\"(max-width: 1024px) 100vw, 1024px\" \/><\/figure>\n<\/figure>\n\n\n\n<h3 class=\"wp-block-heading\"><strong>O Tr\u00edduo Pascal<\/strong><\/h3>\n\n\n\n<figure class=\"wp-block-image size-large\"><img decoding=\"async\" width=\"1024\" height=\"768\" src=\"https:\/\/paroquiaaparecidanilopolis.com.br\/wp-content\/uploads\/2026\/04\/WhatsApp-Image-2026-04-06-at-13.46.38-1024x768.jpeg\" alt=\"\" class=\"wp-image-31813\" srcset=\"https:\/\/paroquiaaparecidanilopolis.com.br\/wp-content\/uploads\/2026\/04\/WhatsApp-Image-2026-04-06-at-13.46.38-1024x768.jpeg 1024w, https:\/\/paroquiaaparecidanilopolis.com.br\/wp-content\/uploads\/2026\/04\/WhatsApp-Image-2026-04-06-at-13.46.38-300x225.jpeg 300w, https:\/\/paroquiaaparecidanilopolis.com.br\/wp-content\/uploads\/2026\/04\/WhatsApp-Image-2026-04-06-at-13.46.38-768x576.jpeg 768w, https:\/\/paroquiaaparecidanilopolis.com.br\/wp-content\/uploads\/2026\/04\/WhatsApp-Image-2026-04-06-at-13.46.38.jpeg 1280w\" sizes=\"(max-width: 1024px) 100vw, 1024px\" \/><\/figure>\n\n\n\n<p><em>Na foto, da esquerda para direita, os Freis da Ordem Franciscana Menor: Carlos Guimar\u00f5es, Jo\u00e3o Fernandes Reinert, Paulo Roberto Pereira, Pedro Vitangui e Diogo Henrique<\/em><\/p>\n\n\n\n<p>Na <strong>Quinta-feira de Lava-p\u00e9s (02 de abril)<\/strong>, a par\u00f3quia refletiu sobre o servi\u00e7o e a humildade, essenciais para o nosso contexto social. Simbolizando os doze ap\u00f3stolos, foram convidados pessoas ativas no trabalho pastoral social de nossas seis comunidades para que tivessem os p\u00e9s lavados. &nbsp;<\/p>\n\n\n\n<figure class=\"wp-block-image size-large\"><img loading=\"lazy\" decoding=\"async\" width=\"1024\" height=\"768\" src=\"https:\/\/paroquiaaparecidanilopolis.com.br\/wp-content\/uploads\/2026\/04\/WhatsApp-Image-2026-04-05-at-22.53.12-1-1024x768.jpeg\" alt=\"\" class=\"wp-image-31814\" srcset=\"https:\/\/paroquiaaparecidanilopolis.com.br\/wp-content\/uploads\/2026\/04\/WhatsApp-Image-2026-04-05-at-22.53.12-1-1024x768.jpeg 1024w, https:\/\/paroquiaaparecidanilopolis.com.br\/wp-content\/uploads\/2026\/04\/WhatsApp-Image-2026-04-05-at-22.53.12-1-300x225.jpeg 300w, https:\/\/paroquiaaparecidanilopolis.com.br\/wp-content\/uploads\/2026\/04\/WhatsApp-Image-2026-04-05-at-22.53.12-1-768x576.jpeg 768w, https:\/\/paroquiaaparecidanilopolis.com.br\/wp-content\/uploads\/2026\/04\/WhatsApp-Image-2026-04-05-at-22.53.12-1.jpeg 1280w\" sizes=\"(max-width: 1024px) 100vw, 1024px\" \/><\/figure>\n\n\n\n<figure class=\"wp-block-image size-large\"><img loading=\"lazy\" decoding=\"async\" width=\"1024\" height=\"768\" src=\"https:\/\/paroquiaaparecidanilopolis.com.br\/wp-content\/uploads\/2026\/04\/WhatsApp-Image-2026-04-05-at-22.53.12-1024x768.jpeg\" alt=\"\" class=\"wp-image-31815\" srcset=\"https:\/\/paroquiaaparecidanilopolis.com.br\/wp-content\/uploads\/2026\/04\/WhatsApp-Image-2026-04-05-at-22.53.12-1024x768.jpeg 1024w, https:\/\/paroquiaaparecidanilopolis.com.br\/wp-content\/uploads\/2026\/04\/WhatsApp-Image-2026-04-05-at-22.53.12-300x225.jpeg 300w, https:\/\/paroquiaaparecidanilopolis.com.br\/wp-content\/uploads\/2026\/04\/WhatsApp-Image-2026-04-05-at-22.53.12-768x576.jpeg 768w, https:\/\/paroquiaaparecidanilopolis.com.br\/wp-content\/uploads\/2026\/04\/WhatsApp-Image-2026-04-05-at-22.53.12.jpeg 1280w\" sizes=\"(max-width: 1024px) 100vw, 1024px\" \/><\/figure>\n\n\n\n<p>J\u00e1 na <strong>Sexta-feira da Paix\u00e3o (03 de abril)<\/strong>, a <strong>Leitura da Paix\u00e3o<\/strong> foi um convite ao autoexame de consci\u00eancia.<\/p>\n\n\n\n<figure class=\"wp-block-embed is-type-video is-provider-youtube wp-block-embed-youtube wp-embed-aspect-16-9 wp-has-aspect-ratio\"><div class=\"wp-block-embed__wrapper\">\n<iframe title=\"Encena\u00e7\u00e3o da PAIX\u00c3O DO SENHOR - 03\/04\/2026 - 17:00h\" width=\"500\" height=\"281\" src=\"https:\/\/www.youtube.com\/embed\/pWdeeBhhG_M?feature=oembed\" frameborder=\"0\" allow=\"accelerometer; autoplay; clipboard-write; encrypted-media; gyroscope; picture-in-picture; web-share\" referrerpolicy=\"strict-origin-when-cross-origin\" allowfullscreen><\/iframe>\n<\/div><\/figure>\n\n\n\n<p>Ap\u00f3s a leitura, a <strong>Via Sacra Encenada<\/strong>, sob dire\u00e7\u00e3o de <strong>Denise Persan, <\/strong>trouxe vida aos personagens b\u00edblicos. A dedica\u00e7\u00e3o das pastorais, grupos e movimentos arrancou l\u00e1grimas e encantou a todos os presentes que transbordaram f\u00e9 e devo\u00e7\u00e3o, retratando&nbsp;o Calv\u00e1rio e o amor que n\u00e3o conhece limites.<\/p>\n\n\n\n<figure class=\"wp-block-image size-large\"><img loading=\"lazy\" decoding=\"async\" width=\"1024\" height=\"768\" src=\"https:\/\/paroquiaaparecidanilopolis.com.br\/wp-content\/uploads\/2026\/04\/WhatsApp-Image-2026-04-05-at-22.14.32-1024x768.jpeg\" alt=\"\" class=\"wp-image-31811\" srcset=\"https:\/\/paroquiaaparecidanilopolis.com.br\/wp-content\/uploads\/2026\/04\/WhatsApp-Image-2026-04-05-at-22.14.32-1024x768.jpeg 1024w, https:\/\/paroquiaaparecidanilopolis.com.br\/wp-content\/uploads\/2026\/04\/WhatsApp-Image-2026-04-05-at-22.14.32-300x225.jpeg 300w, https:\/\/paroquiaaparecidanilopolis.com.br\/wp-content\/uploads\/2026\/04\/WhatsApp-Image-2026-04-05-at-22.14.32-768x576.jpeg 768w, https:\/\/paroquiaaparecidanilopolis.com.br\/wp-content\/uploads\/2026\/04\/WhatsApp-Image-2026-04-05-at-22.14.32.jpeg 1280w\" sizes=\"(max-width: 1024px) 100vw, 1024px\" \/><\/figure>\n\n\n\n<h3 class=\"wp-block-heading\"><strong>S\u00e1bado Santo: A Noite que Ilumina o Mundo<\/strong><\/h3>\n\n\n\n<p>O <strong>S\u00e1bado Santo<\/strong> <strong>(04 de abril)<\/strong> foi uma explos\u00e3o de alegria. A <strong>Vig\u00edlia Pascal<\/strong>, presidida pelo <strong>Frei Paulo Roberto Pereira e concelebrada pelos freis Jo\u00e3o Reinert e Carlos Guimar\u00e3es<\/strong>, encantou a todos pela beleza dos ritos e pelo clima de profunda fraternidade. <strong>A participa\u00e7\u00e3o das comunidades foi um destaque \u00e0 parte, especialmente com as crian\u00e7as da catequese<\/strong> vestidas de anjos. Al\u00e9m disso, os frades estudantes nos presentearam com suas belas vozes: <strong>Diogo Henrique<\/strong> entoou o bel\u00edssimo Prec\u00f4nio Pascal (Exulte) e <strong>Pedro Vitangui<\/strong> conduziu a ladainha de todos os santos.<\/p>\n\n\n\n<figure class=\"wp-block-image size-full\"><img loading=\"lazy\" decoding=\"async\" width=\"732\" height=\"411\" src=\"https:\/\/paroquiaaparecidanilopolis.com.br\/wp-content\/uploads\/2026\/04\/anjos-2.jpg\" alt=\"\" class=\"wp-image-31819\" srcset=\"https:\/\/paroquiaaparecidanilopolis.com.br\/wp-content\/uploads\/2026\/04\/anjos-2.jpg 732w, https:\/\/paroquiaaparecidanilopolis.com.br\/wp-content\/uploads\/2026\/04\/anjos-2-300x168.jpg 300w\" sizes=\"(max-width: 732px) 100vw, 732px\" \/><\/figure>\n\n\n\n<figure class=\"wp-block-image size-large\"><img loading=\"lazy\" decoding=\"async\" width=\"727\" height=\"411\" src=\"https:\/\/paroquiaaparecidanilopolis.com.br\/wp-content\/uploads\/2026\/04\/anjos.jpg\" alt=\"\" class=\"wp-image-31818\" srcset=\"https:\/\/paroquiaaparecidanilopolis.com.br\/wp-content\/uploads\/2026\/04\/anjos.jpg 727w, https:\/\/paroquiaaparecidanilopolis.com.br\/wp-content\/uploads\/2026\/04\/anjos-300x170.jpg 300w\" sizes=\"(max-width: 727px) 100vw, 727px\" \/><\/figure>\n\n\n\n<figure class=\"wp-block-gallery has-nested-images columns-default is-cropped wp-block-gallery-2 is-layout-flex wp-block-gallery-is-layout-flex\">\n<figure class=\"wp-block-image size-large\"><img loading=\"lazy\" decoding=\"async\" width=\"1024\" height=\"768\" data-id=\"31816\" src=\"https:\/\/paroquiaaparecidanilopolis.com.br\/wp-content\/uploads\/2026\/04\/WhatsApp-Image-2026-04-05-at-22.23.35-1024x768.jpeg\" alt=\"\" class=\"wp-image-31816\" srcset=\"https:\/\/paroquiaaparecidanilopolis.com.br\/wp-content\/uploads\/2026\/04\/WhatsApp-Image-2026-04-05-at-22.23.35-1024x768.jpeg 1024w, https:\/\/paroquiaaparecidanilopolis.com.br\/wp-content\/uploads\/2026\/04\/WhatsApp-Image-2026-04-05-at-22.23.35-300x225.jpeg 300w, https:\/\/paroquiaaparecidanilopolis.com.br\/wp-content\/uploads\/2026\/04\/WhatsApp-Image-2026-04-05-at-22.23.35-768x576.jpeg 768w, https:\/\/paroquiaaparecidanilopolis.com.br\/wp-content\/uploads\/2026\/04\/WhatsApp-Image-2026-04-05-at-22.23.35.jpeg 1280w\" sizes=\"(max-width: 1024px) 100vw, 1024px\" \/><\/figure>\n<\/figure>\n\n\n\n<p>Foi uma noite de renascimento espiritual. <br>\u2022 <strong>25 catec\u00famenos<\/strong> receberam o Sacramento do Batismo.<br>\u2022 <strong>62 pessoas<\/strong> receberam o Sacramento da Comunh\u00e3o.<\/p>\n\n\n\n<figure class=\"wp-block-image size-large\"><img loading=\"lazy\" decoding=\"async\" width=\"1024\" height=\"768\" src=\"https:\/\/paroquiaaparecidanilopolis.com.br\/wp-content\/uploads\/2026\/04\/WhatsApp-Image-2026-04-05-at-22.19.21-1-1024x768.jpeg\" alt=\"\" class=\"wp-image-31820\" srcset=\"https:\/\/paroquiaaparecidanilopolis.com.br\/wp-content\/uploads\/2026\/04\/WhatsApp-Image-2026-04-05-at-22.19.21-1-1024x768.jpeg 1024w, https:\/\/paroquiaaparecidanilopolis.com.br\/wp-content\/uploads\/2026\/04\/WhatsApp-Image-2026-04-05-at-22.19.21-1-300x225.jpeg 300w, https:\/\/paroquiaaparecidanilopolis.com.br\/wp-content\/uploads\/2026\/04\/WhatsApp-Image-2026-04-05-at-22.19.21-1-768x576.jpeg 768w, https:\/\/paroquiaaparecidanilopolis.com.br\/wp-content\/uploads\/2026\/04\/WhatsApp-Image-2026-04-05-at-22.19.21-1.jpeg 1280w\" sizes=\"(max-width: 1024px) 100vw, 1024px\" \/><\/figure>\n\n\n\n<figure class=\"wp-block-image size-large\"><img loading=\"lazy\" decoding=\"async\" width=\"1024\" height=\"768\" src=\"https:\/\/paroquiaaparecidanilopolis.com.br\/wp-content\/uploads\/2026\/04\/WhatsApp-Image-2026-04-05-at-22.19.21-1024x768.jpeg\" alt=\"\" class=\"wp-image-31821\" srcset=\"https:\/\/paroquiaaparecidanilopolis.com.br\/wp-content\/uploads\/2026\/04\/WhatsApp-Image-2026-04-05-at-22.19.21-1024x768.jpeg 1024w, https:\/\/paroquiaaparecidanilopolis.com.br\/wp-content\/uploads\/2026\/04\/WhatsApp-Image-2026-04-05-at-22.19.21-300x225.jpeg 300w, https:\/\/paroquiaaparecidanilopolis.com.br\/wp-content\/uploads\/2026\/04\/WhatsApp-Image-2026-04-05-at-22.19.21-768x576.jpeg 768w, https:\/\/paroquiaaparecidanilopolis.com.br\/wp-content\/uploads\/2026\/04\/WhatsApp-Image-2026-04-05-at-22.19.21.jpeg 1280w\" sizes=\"(max-width: 1024px) 100vw, 1024px\" \/><\/figure>\n\n\n\n<p><strong>Com vozes unidas: Salmistas, coral, freis e assembleia se tornaram um s\u00f3 coro e a encena\u00e7\u00e3o da Ressurrei\u00e7\u00e3o<\/strong> ao final da celebra\u00e7\u00e3o tocou o cora\u00e7\u00e3o de quem estava presente. Foi imposs\u00edvel n\u00e3o se emocionar com o clima de fraternidade que tomou conta da igreja, refletido nos abra\u00e7os e na felicidade  no rosto de cada paroquiano que foi convidado a abra\u00e7ar o pr\u00f3ximo desejando uma feliz p\u00e1scoa.<\/p>\n\n\n\n<figure class=\"wp-block-image size-large\"><img loading=\"lazy\" decoding=\"async\" width=\"1024\" height=\"768\" src=\"https:\/\/paroquiaaparecidanilopolis.com.br\/wp-content\/uploads\/2026\/04\/WhatsApp-Image-2026-04-05-at-22.23.29-1024x768.jpeg\" alt=\"\" class=\"wp-image-31822\" srcset=\"https:\/\/paroquiaaparecidanilopolis.com.br\/wp-content\/uploads\/2026\/04\/WhatsApp-Image-2026-04-05-at-22.23.29-1024x768.jpeg 1024w, https:\/\/paroquiaaparecidanilopolis.com.br\/wp-content\/uploads\/2026\/04\/WhatsApp-Image-2026-04-05-at-22.23.29-300x225.jpeg 300w, https:\/\/paroquiaaparecidanilopolis.com.br\/wp-content\/uploads\/2026\/04\/WhatsApp-Image-2026-04-05-at-22.23.29-768x576.jpeg 768w, https:\/\/paroquiaaparecidanilopolis.com.br\/wp-content\/uploads\/2026\/04\/WhatsApp-Image-2026-04-05-at-22.23.29.jpeg 1280w\" sizes=\"(max-width: 1024px) 100vw, 1024px\" \/><\/figure>\n\n\n\n<h3 class=\"wp-block-heading\"><strong>Uma Voz de Unidade<\/strong><\/h3>\n\n\n\n<figure class=\"wp-block-image size-large\"><img loading=\"lazy\" decoding=\"async\" width=\"1024\" height=\"768\" src=\"https:\/\/paroquiaaparecidanilopolis.com.br\/wp-content\/uploads\/2026\/04\/WhatsApp-Image-2026-04-05-at-22.29.39-1024x768.jpeg\" alt=\"\" class=\"wp-image-31823\" srcset=\"https:\/\/paroquiaaparecidanilopolis.com.br\/wp-content\/uploads\/2026\/04\/WhatsApp-Image-2026-04-05-at-22.29.39-1024x768.jpeg 1024w, https:\/\/paroquiaaparecidanilopolis.com.br\/wp-content\/uploads\/2026\/04\/WhatsApp-Image-2026-04-05-at-22.29.39-300x225.jpeg 300w, https:\/\/paroquiaaparecidanilopolis.com.br\/wp-content\/uploads\/2026\/04\/WhatsApp-Image-2026-04-05-at-22.29.39-768x576.jpeg 768w, https:\/\/paroquiaaparecidanilopolis.com.br\/wp-content\/uploads\/2026\/04\/WhatsApp-Image-2026-04-05-at-22.29.39.jpeg 1280w\" sizes=\"(max-width: 1024px) 100vw, 1024px\" \/><\/figure>\n\n\n\n<p>Ver uma comunidade t\u00e3o viva e participativa \u00e9 a maior prova de que o carisma franciscano continua a florescer e a transformar vidas. Ao final da celebra\u00e7\u00e3o, ao ser convidado a deixar uma mensagem, o <strong>Frei Paulo Roberto Pereira <\/strong>expressou sua gratid\u00e3o por viver este momento em Nil\u00f3polis. Para ele, esta semana teve um sabor especial: a viv\u00eancia do <strong>Ano Jubilar dos 800 anos do Tr\u00e2nsito de S\u00e3o Francisco<\/strong> em comunh\u00e3o com o <strong>Jubileu de 60 anos da Par\u00f3quia Nossa Senhora Aparecida<\/strong>.<br><\/p>\n\n\n\n<blockquote class=\"wp-block-quote is-layout-flow wp-block-quote-is-layout-flow\">\n<p>\u201cOs frades me convidaram, mas n\u00e3o foi poss\u00edvel porque estamos presentes em muitas casas \u2014 s\u00e3o 42 s\u00f3 no Brasil, al\u00e9m de sete em Angola. Por isso, tristemente n\u00e3o pude vir, mas acompanhei tudo e quero agradecer o envolvimento de todos.<br>Quando marcamos datas assim \u2014 nossa Prov\u00edncia completando 350 anos, a Par\u00f3quia fazendo 60 e o movimento franciscano celebrando 800 anos, percebemos a longevidade da boa semente plantada. Do nosso cora\u00e7\u00e3o brota a gratid\u00e3o e, ao recordar essas datas, queremos nos comprometer em cuidar dessa heran\u00e7a que recebemos.<br>S\u00e3o dois mil anos de cristianismo, oitocentos de franciscanismo, trezentos e cinquenta de Prov\u00edncia e sessenta de Par\u00f3quia. \u00c9 o esfor\u00e7o de muita gente. Semente semeada com convic\u00e7\u00e3o por quem veio antes de n\u00f3s. Por tudo isso, nosso cora\u00e7\u00e3o \u00e9 agradecido, e esse agradecimento precisa se transformar em compromisso para sermos fi\u00e9is \u00e0 heran\u00e7a recebida.\u201d \u2013<strong> Frei Paulo Roberto Pereira<\/strong><\/p>\n<\/blockquote>\n\n\n\n<figure class=\"wp-block-embed is-type-video is-provider-youtube wp-block-embed-youtube wp-embed-aspect-16-9 wp-has-aspect-ratio\"><div class=\"wp-block-embed__wrapper\">\n<iframe title=\"Missa - S\u00c1BADO SANTO  - 04\/04\/2026 - 19h\" width=\"500\" height=\"281\" src=\"https:\/\/www.youtube.com\/embed\/-7ZlpPGjaN8?feature=oembed\" frameborder=\"0\" allow=\"accelerometer; autoplay; clipboard-write; encrypted-media; gyroscope; picture-in-picture; web-share\" referrerpolicy=\"strict-origin-when-cross-origin\" allowfullscreen><\/iframe>\n<\/div><\/figure>\n\n\n\n<h3 class=\"wp-block-heading\"><strong>Domingo de P\u00e1scoa: O Futuro da Nossa F\u00e9<\/strong><\/h3>\n\n\n\n<p>No domingo <strong>(05 de abril)<\/strong>, houve celebra\u00e7\u00e3o em nossas seis comunidades que festejaram a vit\u00f3ria definitiva de Jesus sobre a morte. Na missa da catequese que aconteceu \u00e0s 10h na Matriz, em um gesto de pura esperan\u00e7a, as crian\u00e7as foram convidadas a participar rezando o Pai Nosso no altar. Elas, que representam o futuro da nossa Igreja, foram motivadas a levar a paz e o amor de Jesus \u00e0 todos na assembleia atrav\u00e9s do abra\u00e7o fraterno.<\/p>\n\n\n\n<figure class=\"wp-block-image size-large\"><img loading=\"lazy\" decoding=\"async\" width=\"1024\" height=\"768\" src=\"https:\/\/paroquiaaparecidanilopolis.com.br\/wp-content\/uploads\/2026\/04\/WhatsApp-Image-2026-04-05-at-22.31.38-1024x768.jpeg\" alt=\"\" class=\"wp-image-31824\" srcset=\"https:\/\/paroquiaaparecidanilopolis.com.br\/wp-content\/uploads\/2026\/04\/WhatsApp-Image-2026-04-05-at-22.31.38-1024x768.jpeg 1024w, https:\/\/paroquiaaparecidanilopolis.com.br\/wp-content\/uploads\/2026\/04\/WhatsApp-Image-2026-04-05-at-22.31.38-300x225.jpeg 300w, https:\/\/paroquiaaparecidanilopolis.com.br\/wp-content\/uploads\/2026\/04\/WhatsApp-Image-2026-04-05-at-22.31.38-768x576.jpeg 768w, https:\/\/paroquiaaparecidanilopolis.com.br\/wp-content\/uploads\/2026\/04\/WhatsApp-Image-2026-04-05-at-22.31.38.jpeg 1280w\" sizes=\"(max-width: 1024px) 100vw, 1024px\" \/><\/figure>\n\n\n\n<h3 class=\"wp-block-heading\"><strong>Luz que se Espalha: Uma Mensagem \u00e0s Nossas Comunidades<\/strong><\/h3>\n\n\n\n<p>Que a alegria do Cristo Ressuscitado continue a nos guiar e seja eterna em nossos cora\u00e7\u00f5es. \u00c0s seis comunidades \u2014 <strong>Nossa Senhora de F\u00e1tima, S\u00e3o Jos\u00e9, Santa Filomena, Santo Ant\u00f4nio, Santa Rita e a Matriz Nossa Senhora Aparecida<\/strong> \u2014 fica o mais profundo agradecimento.<\/p>\n\n\n\n<p>Voc\u00eas s\u00e3o os bra\u00e7os, os p\u00e9s e o sorriso de Jesus. Que cada paroquiano continue sendo esse farol de esperan\u00e7a, levando a luz de Cristo para al\u00e9m dos muros da igreja, transformando o mundo com gestos de caridade e uni\u00e3o. Que possamos nos espelhar no exemplo de S\u00e3o Francisco para levar paz e amor onde houver guerra e dor. Paz e bem!<\/p>\n\n\n\n<h4 class=\"wp-block-heading\"><strong>Conhe\u00e7a a Prov\u00edncia Franciscana da Imaculada Concei\u00e7\u00e3o do Brasil<\/strong><\/h4>\n\n\n\n<p>Nossa Par\u00f3quia orgulha-se de pertencer \u00e0 <strong><a href=\"https:\/\/franciscanos.org.br\/quemsomos\/onde-estamos\/#gsc.tab=0\">Prov\u00edncia Franciscana da Imaculada Concei\u00e7\u00e3o do Brasil<\/a><\/strong>.<\/p>\n\n\n\n<ul class=\"wp-block-list\">\n<li><strong>Hist\u00f3ria:<\/strong> Com mais de <strong>300 anos<\/strong> de miss\u00e3o no Brasil, a Prov\u00edncia \u00e9 um pilar da espiritualidade franciscana.<\/li>\n\n\n\n<li><strong>Como fazer parte:<\/strong> Atrav\u00e9s da vida religiosa (como frade) ou como leigo engajado no carisma de S\u00e3o Francisco, promovendo a paz e o bem. Conhe\u00e7a mais sobre a prov\u00edncia clicando <a href=\"https:\/\/franciscanos.org.br\/quemsomos\/nossa-historia\/#gsc.tab=0\">aqui.<\/a><\/li>\n<\/ul>\n\n\n\n<p><\/p>\n","protected":false},"excerpt":{"rendered":"<p>Momentos marcantes onde a f\u00e9 e a uni\u00e3o mostraram que o amor de Cristo vence qualquer barreira A Semana Santa [&hellip;]<\/p>\n","protected":false},"author":2,"featured_media":31813,"comment_status":"open","ping_status":"open","sticky":false,"template":"","format":"standard","meta":{"site-sidebar-layout":"default","site-content-layout":"","ast-site-content-layout":"default","site-content-style":"default","site-sidebar-style":"default","ast-global-header-display":"","ast-banner-title-visibility":"","ast-main-header-display":"","ast-hfb-above-header-display":"","ast-hfb-below-header-display":"","ast-hfb-mobile-header-display":"","site-post-title":"","ast-breadcrumbs-content":"","ast-featured-img":"","footer-sml-layout":"","ast-disable-related-posts":"","theme-transparent-header-meta":"","adv-header-id-meta":"","stick-header-meta":"","header-above-stick-meta":"","header-main-stick-meta":"","header-below-stick-meta":"","astra-migrate-meta-layouts":"default","ast-page-background-enabled":"default","ast-page-background-meta":{"desktop":{"background-color":"var(--ast-global-color-5)","background-image":"","background-repeat":"repeat","background-position":"center center","background-size":"auto","background-attachment":"scroll","background-type":"","background-media":"","overlay-type":"","overlay-color":"","overlay-opacity":"","overlay-gradient":""},"tablet":{"background-color":"","background-image":"","background-repeat":"repeat","background-position":"center center","background-size":"auto","background-attachment":"scroll","background-type":"","background-media":"","overlay-type":"","overlay-color":"","overlay-opacity":"","overlay-gradient":""},"mobile":{"background-color":"","background-image":"","background-repeat":"repeat","background-position":"center center","background-size":"auto","background-attachment":"scroll","background-type":"","background-media":"","overlay-type":"","overlay-color":"","overlay-opacity":"","overlay-gradient":""}},"ast-content-background-meta":{"desktop":{"background-color":"var(--ast-global-color-4)","background-image":"","background-repeat":"repeat","background-position":"center center","background-size":"auto","background-attachment":"scroll","background-type":"","background-media":"","overlay-type":"","overlay-color":"","overlay-opacity":"","overlay-gradient":""},"tablet":{"background-color":"var(--ast-global-color-4)","background-image":"","background-repeat":"repeat","background-position":"center center","background-size":"auto","background-attachment":"scroll","background-type":"","background-media":"","overlay-type":"","overlay-color":"","overlay-opacity":"","overlay-gradient":""},"mobile":{"background-color":"var(--ast-global-color-4)","background-image":"","background-repeat":"repeat","background-position":"center center","background-size":"auto","background-attachment":"scroll","background-type":"","background-media":"","overlay-type":"","overlay-color":"","overlay-opacity":"","overlay-gradient":""}},"footnotes":""},"categories":[1],"tags":[],"class_list":["post-31809","post","type-post","status-publish","format-standard","has-post-thumbnail","hentry","category-sem-categoria"],"_links":{"self":[{"href":"https:\/\/paroquiaaparecidanilopolis.com.br\/index.php\/wp-json\/wp\/v2\/posts\/31809","targetHints":{"allow":["GET"]}}],"collection":[{"href":"https:\/\/paroquiaaparecidanilopolis.com.br\/index.php\/wp-json\/wp\/v2\/posts"}],"about":[{"href":"https:\/\/paroquiaaparecidanilopolis.com.br\/index.php\/wp-json\/wp\/v2\/types\/post"}],"author":[{"embeddable":true,"href":"https:\/\/paroquiaaparecidanilopolis.com.br\/index.php\/wp-json\/wp\/v2\/users\/2"}],"replies":[{"embeddable":true,"href":"https:\/\/paroquiaaparecidanilopolis.com.br\/index.php\/wp-json\/wp\/v2\/comments?post=31809"}],"version-history":[{"count":9,"href":"https:\/\/paroquiaaparecidanilopolis.com.br\/index.php\/wp-json\/wp\/v2\/posts\/31809\/revisions"}],"predecessor-version":[{"id":31878,"href":"https:\/\/paroquiaaparecidanilopolis.com.br\/index.php\/wp-json\/wp\/v2\/posts\/31809\/revisions\/31878"}],"wp:featuredmedia":[{"embeddable":true,"href":"https:\/\/paroquiaaparecidanilopolis.com.br\/index.php\/wp-json\/wp\/v2\/media\/31813"}],"wp:attachment":[{"href":"https:\/\/paroquiaaparecidanilopolis.com.br\/index.php\/wp-json\/wp\/v2\/media?parent=31809"}],"wp:term":[{"taxonomy":"category","embeddable":true,"href":"https:\/\/paroquiaaparecidanilopolis.com.br\/index.php\/wp-json\/wp\/v2\/categories?post=31809"},{"taxonomy":"post_tag","embeddable":true,"href":"https:\/\/paroquiaaparecidanilopolis.com.br\/index.php\/wp-json\/wp\/v2\/tags?post=31809"}],"curies":[{"name":"wp","href":"https:\/\/api.w.org\/{rel}","templated":true}]}}